{"id":3214,"date":"2019-06-13T17:54:42","date_gmt":"2019-06-13T21:54:42","guid":{"rendered":"http:\/\/www.corporacionancud.cl\/inicio\/?p=3214"},"modified":"2019-06-13T17:54:42","modified_gmt":"2019-06-13T21:54:42","slug":"alumnos-de-6-basico-de-la-escuela-anexa-disfrutaron-de-presentacion-de-titeres","status":"publish","type":"post","link":"http:\/\/www.corporacionancud.cl\/inicio\/alumnos-de-6-basico-de-la-escuela-anexa-disfrutaron-de-presentacion-de-titeres\/","title":{"rendered":"Alumnos de 6\u00b0 b\u00e1sico de la escuela Anexa disfrutaron de presentaci\u00f3n de T\u00edteres."},"content":{"rendered":"<p>En el auditorio de la escuela Anexa, una compa\u00f1\u00eda de T\u00edteres, proveniente de Puerto Montt, present\u00f3 a los alumnos y alumnas de 6\u00b0A y 6\u00b0B la obra \u201cLa rebeli\u00f3n de los residuos\u201d, as\u00ed lo dio a conocer el encargado de esta actividad, Oscar Castro, quien dijo que<em> \u201cesta obra est\u00e1 dentro del programa de un proyecto que tiene el Ministerio del Medio Ambiente con los municipios de Ancud, Dalcahue y Quemchi, donde se buscaron las herramientas m\u00e1s eficientes para llegar a los ni\u00f1os con el tema de la conciencia ambiental y el tema del reciclaje en particular y se cre\u00f3 esta obra para que ellos tomen conciencia en su hogar y en la escuela con respecto al reciclaje y la importancia que tiene para el medio ambiente natural y familiar\u201d.<\/em><\/p>\n<p>Los alumnos disfrutaron de esta obra, que los invito a interactuar con los t\u00edteres y recibieron de manera muy l\u00fadica del da\u00f1o que provoca la basura que nosotros mismos generamos en nuestros hogares. El fondo de la obra es que los residuos se revelan para que no los tiren a la basura y los reciclen.<\/p>\n","protected":false},"excerpt":{"rendered":"<p>En el auditorio de la escuela Anexa, una compa\u00f1\u00eda de T\u00edteres, proveniente de Puerto Montt, present\u00f3 a los alumnos y alumnas de 6\u00b0A y 6\u00b0B la obra \u201cLa rebeli\u00f3n de los residuos\u201d, as\u00ed lo dio a conocer el encargado de esta actividad, Oscar Castro, quien dijo que \u201cesta obra est\u00e1 dentro del programa de un <\/p>\n","protected":false},"author":3,"featured_media":3215,"comment_status":"closed","ping_status":"closed","sticky":false,"template":"","format":"standard","meta":{"footnotes":""},"categories":[15,8],"tags":[],"class_list":["post-3214","post","type-post","status-publish","format-standard","has-post-thumbnail","hentry","category-educacion-basica","category-sala-de-prensa"],"_links":{"self":[{"href":"http:\/\/www.corporacionancud.cl\/inicio\/wp-json\/wp\/v2\/posts\/3214","targetHints":{"allow":["GET"]}}],"collection":[{"href":"http:\/\/www.corporacionancud.cl\/inicio\/wp-json\/wp\/v2\/posts"}],"about":[{"href":"http:\/\/www.corporacionancud.cl\/inicio\/wp-json\/wp\/v2\/types\/post"}],"author":[{"embeddable":true,"href":"http:\/\/www.corporacionancud.cl\/inicio\/wp-json\/wp\/v2\/users\/3"}],"replies":[{"embeddable":true,"href":"http:\/\/www.corporacionancud.cl\/inicio\/wp-json\/wp\/v2\/comments?post=3214"}],"version-history":[{"count":1,"href":"http:\/\/www.corporacionancud.cl\/inicio\/wp-json\/wp\/v2\/posts\/3214\/revisions"}],"predecessor-version":[{"id":3216,"href":"http:\/\/www.corporacionancud.cl\/inicio\/wp-json\/wp\/v2\/posts\/3214\/revisions\/3216"}],"wp:featuredmedia":[{"embeddable":true,"href":"http:\/\/www.corporacionancud.cl\/inicio\/wp-json\/wp\/v2\/media\/3215"}],"wp:attachment":[{"href":"http:\/\/www.corporacionancud.cl\/inicio\/wp-json\/wp\/v2\/media?parent=3214"}],"wp:term":[{"taxonomy":"category","embeddable":true,"href":"http:\/\/www.corporacionancud.cl\/inicio\/wp-json\/wp\/v2\/categories?post=3214"},{"taxonomy":"post_tag","embeddable":true,"href":"http:\/\/www.corporacionancud.cl\/inicio\/wp-json\/wp\/v2\/tags?post=3214"}],"curies":[{"name":"wp","href":"https:\/\/api.w.org\/{rel}","templated":true}]}}