{"id":3217,"date":"2019-06-14T09:14:54","date_gmt":"2019-06-14T13:14:54","guid":{"rendered":"http:\/\/www.corporacionancud.cl\/inicio\/?p=3217"},"modified":"2019-06-18T10:15:55","modified_gmt":"2019-06-18T14:15:55","slug":"liceo-agricola-celebrara-la-tradicional-noche-de-san-juan","status":"publish","type":"post","link":"http:\/\/www.corporacionancud.cl\/inicio\/liceo-agricola-celebrara-la-tradicional-noche-de-san-juan\/","title":{"rendered":"Liceo Agr\u00edcola celebrar\u00e1 la tradicional Noche de San Juan."},"content":{"rendered":"<p>Cada a\u00f1o, en el solsticio de invierno, en distintas localidades rurales a lo largo y ancho de Chile, se celebra la Noche de San Juan, fiesta que concentra toda la magia, mitos, leyendas y secretos campesinos que conforman los misterios de la sabidur\u00eda popular.<\/p>\n<p>Para el pr\u00f3ximo viernes 21 de junio, la comunidad educativa del Liceo Agr\u00edcola, dependiente de la Corporaci\u00f3n Municipal de Educaci\u00f3n, Salud y Atenci\u00f3n al Menor de Ancud, ha programado la celebraci\u00f3n de la tradicional Noche de San Juan.<\/p>\n<p>As\u00ed lo dio a conocer, el Director de este establecimiento educacional, Juan Galleguillos Herrera, quien se\u00f1alo que <em>\u201cesta ser\u00eda la 5\u00b0 versi\u00f3n y que se ha transformado en una tradici\u00f3n en el Liceo Agr\u00edcola y cuyo objetivo es buscar la participaci\u00f3n de los estudiantes y de los padres y apoderados, nosotros buscamos que los padres se acerquen lo m\u00e1s posible al establecimiento y compartamos actividades en conjunto y adem\u00e1s esto tiene que ver con el rescate de tradiciones de \u00a0nuestra cultura Chilota, que es uno de los sellos de nuestro proyecto educativo, por eso hemos mantenido esta Noche de San Juan que ha tenido bastante \u00e9xito y aceptaci\u00f3n entre los vecinos de Ancud\u201d. <\/em><\/p>\n<p>En esta oportunidad la Noche de San Juan se desarrollar\u00e1 en el Quincho del Club de Rodeo Chileno en el sector Bellavista, comenzara a partir de las 20 horas y la entrada tendr\u00e1 un valor general de $2.000 y como siempre se podr\u00e1 degustar de los platos t\u00edpicos, pruebas t\u00edpicas de esta celebraci\u00f3n y por supuesto del folclor tradicional a cargo de conjuntos folcl\u00f3ricos y puntos art\u00edsticos preparados por alumnos, docentes y apoderados de esta unidad educativa.<\/p>\n","protected":false},"excerpt":{"rendered":"<p>Cada a\u00f1o, en el solsticio de invierno, en distintas localidades rurales a lo largo y ancho de Chile, se celebra la Noche de San Juan, fiesta que concentra toda la magia, mitos, leyendas y secretos campesinos que conforman los misterios de la sabidur\u00eda popular. Para el pr\u00f3ximo viernes 21 de junio, la comunidad educativa del <\/p>\n","protected":false},"author":3,"featured_media":3218,"comment_status":"closed","ping_status":"closed","sticky":false,"template":"","format":"standard","meta":{"footnotes":""},"categories":[16,8],"tags":[],"class_list":["post-3217","post","type-post","status-publish","format-standard","has-post-thumbnail","hentry","category-educacion-media","category-sala-de-prensa"],"_links":{"self":[{"href":"http:\/\/www.corporacionancud.cl\/inicio\/wp-json\/wp\/v2\/posts\/3217","targetHints":{"allow":["GET"]}}],"collection":[{"href":"http:\/\/www.corporacionancud.cl\/inicio\/wp-json\/wp\/v2\/posts"}],"about":[{"href":"http:\/\/www.corporacionancud.cl\/inicio\/wp-json\/wp\/v2\/types\/post"}],"author":[{"embeddable":true,"href":"http:\/\/www.corporacionancud.cl\/inicio\/wp-json\/wp\/v2\/users\/3"}],"replies":[{"embeddable":true,"href":"http:\/\/www.corporacionancud.cl\/inicio\/wp-json\/wp\/v2\/comments?post=3217"}],"version-history":[{"count":4,"href":"http:\/\/www.corporacionancud.cl\/inicio\/wp-json\/wp\/v2\/posts\/3217\/revisions"}],"predecessor-version":[{"id":3239,"href":"http:\/\/www.corporacionancud.cl\/inicio\/wp-json\/wp\/v2\/posts\/3217\/revisions\/3239"}],"wp:featuredmedia":[{"embeddable":true,"href":"http:\/\/www.corporacionancud.cl\/inicio\/wp-json\/wp\/v2\/media\/3218"}],"wp:attachment":[{"href":"http:\/\/www.corporacionancud.cl\/inicio\/wp-json\/wp\/v2\/media?parent=3217"}],"wp:term":[{"taxonomy":"category","embeddable":true,"href":"http:\/\/www.corporacionancud.cl\/inicio\/wp-json\/wp\/v2\/categories?post=3217"},{"taxonomy":"post_tag","embeddable":true,"href":"http:\/\/www.corporacionancud.cl\/inicio\/wp-json\/wp\/v2\/tags?post=3217"}],"curies":[{"name":"wp","href":"https:\/\/api.w.org\/{rel}","templated":true}]}}