{"id":714,"date":"2016-11-14T15:26:55","date_gmt":"2016-11-14T18:26:55","guid":{"rendered":"http:\/\/www.corporacionancud.cl\/inicio\/?p=714"},"modified":"2016-11-14T15:26:55","modified_gmt":"2016-11-14T18:26:55","slug":"escuela-pudeto-de-ancud-cumplira-un-ano-mas-de-servicio-a-la-comunidad","status":"publish","type":"post","link":"http:\/\/www.corporacionancud.cl\/inicio\/escuela-pudeto-de-ancud-cumplira-un-ano-mas-de-servicio-a-la-comunidad\/","title":{"rendered":"Escuela Pudeto de Ancud, cumplir\u00e1 un a\u00f1o m\u00e1s de servicio a la comunidad."},"content":{"rendered":"<p style=\"text-align: justify\">La Escuela Pudeto es uno de los establecimientos educacionales m\u00e1s antiguos de la comuna. La creaci\u00f3n de esta escuela se remonta a la primera d\u00e9cada del siglo XX. La escuela, que en sus modestos inicio era peque\u00f1a, con pocos alumnos y tambi\u00e9n pocos profesores, iluminaba el ambiente semi rural del sector de Pudeto, lugar de pasada del tren que cruzaba gran parte del territorio insular.<\/p>\n<p style=\"text-align: justify\">Despu\u00e9s de deambular por las casas que los vecinos facilitaban para el trabajo escolar, la Escuela Pudeto tuvo un crecimiento explosivo gracias al terremoto y maremoto de 1960. Luego de este cataclismo, mucha gente fue desplazada al barrio Pudeto, entonces, la peque\u00f1a escuela se llen\u00f3 de ni\u00f1os y ni\u00f1as hijos de pescadores y peque\u00f1os agricultores.<\/p>\n<p style=\"text-align: justify\">Con una serie de actividades esta comunidad educativa cumplir\u00e1 un a\u00f1o m\u00e1s, su actual director, Hern\u00e1n Aude Contreras se\u00f1alo en lo referente a su aniversario que <em>\u201cen el mes de octubre la escuela Pudeto esta de aniversario, cumplimos 107 a\u00f1os al servicio de la comunidad, especialmente del sector de Pudeto, este a\u00f1o lo celebraremos en este mes de noviembre en la semana del 21, por aplicaci\u00f3n de la prueba Simce y hemos dejado lo m\u00e1s importante que es nuestra tradicional velada art\u00edstica para el d\u00eda martes 22 de noviembre a las 20:00 horas en el gimnasio fiscal, por lo que invitamos a la comunidad de Pudeto y de Ancud en general a disfrutar de una buena actividad que es relevante y tradicional de la escuela. <\/em><\/p>\n<p style=\"text-align: justify\"><em>En estos momentos estamos realizando las elecciones de las candidatas a Reina y Princesas donde los profesores, asistentes, alumnos, padres y apoderados est\u00e1n trabajando y adem\u00e1s desarrollaremos actividades recreativas con los estudiantes\u201d.<\/em><\/p>\n<p style=\"text-align: justify\">Adem\u00e1s el directivo sostuvo que <em>\u201cesta actividad pretende mostrar a la comunidad lo que la escuela Pudeto desarrolla durante todo el a\u00f1o escolar, somos una escuela inclusiva, tenemos alumnos de pre-K\u00ednder a 8\u00b0 b\u00e1sico, programa de integraci\u00f3n escolar, tenemos 3 educadoras diferencial, un equipo multidisciplinario de profesionales que atienden diferentes d\u00e9ficit que presentan los ni\u00f1os, contamos con el programa de 4 a 7, talleres deportivos y art\u00edsticos y una asistente social a tiempo completo, de modo que las familias tengan a la escuela Pudeto como una alternativa de educaci\u00f3n para sus hijos\u201d, <\/em>concluyo.<\/p>\n<p style=\"text-align: justify\">Desde el a\u00f1o 1980, la escuela cambio su local que estaba situado en la ribera del Rio Pudeto, por un nuevo edificio ubicado en Pudeto Alto, en la calle nueva N\u00ba 1, lugar donde, con un hermoso, nuevo y amplio edificio, funciona entregando educaci\u00f3n al extenso barrio Pudeto.<\/p>\n<p style=\"text-align: justify\">Cabe destacar que para los profesores las particularidades de sus estudiantes representa un gran desaf\u00edo: suplir sus carencias, elevar la autoestima, crear un ambiente de convivencia sano, que permita o facilite los aprendizajes y mejorar las expectativas de los estudiantes y tambi\u00e9n las\u00a0 de sus familias.<\/p>\n<p>&nbsp;<\/p>\n","protected":false},"excerpt":{"rendered":"<p>La Escuela Pudeto es uno de los establecimientos educacionales m\u00e1s antiguos de la comuna. La creaci\u00f3n de esta escuela se remonta a la primera d\u00e9cada del siglo XX. La escuela, que en sus modestos inicio era peque\u00f1a, con pocos alumnos y tambi\u00e9n pocos profesores, iluminaba el ambiente semi rural del sector de Pudeto, lugar de <\/p>\n","protected":false},"author":3,"featured_media":715,"comment_status":"closed","ping_status":"closed","sticky":false,"template":"","format":"standard","meta":{"footnotes":""},"categories":[9,8],"tags":[],"class_list":["post-714","post","type-post","status-publish","format-standard","has-post-thumbnail","hentry","category-educacion","category-sala-de-prensa"],"_links":{"self":[{"href":"http:\/\/www.corporacionancud.cl\/inicio\/wp-json\/wp\/v2\/posts\/714","targetHints":{"allow":["GET"]}}],"collection":[{"href":"http:\/\/www.corporacionancud.cl\/inicio\/wp-json\/wp\/v2\/posts"}],"about":[{"href":"http:\/\/www.corporacionancud.cl\/inicio\/wp-json\/wp\/v2\/types\/post"}],"author":[{"embeddable":true,"href":"http:\/\/www.corporacionancud.cl\/inicio\/wp-json\/wp\/v2\/users\/3"}],"replies":[{"embeddable":true,"href":"http:\/\/www.corporacionancud.cl\/inicio\/wp-json\/wp\/v2\/comments?post=714"}],"version-history":[{"count":1,"href":"http:\/\/www.corporacionancud.cl\/inicio\/wp-json\/wp\/v2\/posts\/714\/revisions"}],"predecessor-version":[{"id":716,"href":"http:\/\/www.corporacionancud.cl\/inicio\/wp-json\/wp\/v2\/posts\/714\/revisions\/716"}],"wp:featuredmedia":[{"embeddable":true,"href":"http:\/\/www.corporacionancud.cl\/inicio\/wp-json\/wp\/v2\/media\/715"}],"wp:attachment":[{"href":"http:\/\/www.corporacionancud.cl\/inicio\/wp-json\/wp\/v2\/media?parent=714"}],"wp:term":[{"taxonomy":"category","embeddable":true,"href":"http:\/\/www.corporacionancud.cl\/inicio\/wp-json\/wp\/v2\/categories?post=714"},{"taxonomy":"post_tag","embeddable":true,"href":"http:\/\/www.corporacionancud.cl\/inicio\/wp-json\/wp\/v2\/tags?post=714"}],"curies":[{"name":"wp","href":"https:\/\/api.w.org\/{rel}","templated":true}]}}