{"id":725,"date":"2016-11-24T08:57:29","date_gmt":"2016-11-24T11:57:29","guid":{"rendered":"http:\/\/www.corporacionancud.cl\/inicio\/?p=725"},"modified":"2016-11-24T08:57:29","modified_gmt":"2016-11-24T11:57:29","slug":"positivo-balance-de-la-primera-olimpiada-especial-provincial-realizada-en-ancud","status":"publish","type":"post","link":"http:\/\/www.corporacionancud.cl\/inicio\/positivo-balance-de-la-primera-olimpiada-especial-provincial-realizada-en-ancud\/","title":{"rendered":"Positivo balance de la Primera Olimpiada Especial Provincial realizada en Ancud."},"content":{"rendered":"<p style=\"text-align: justify\">Con la presencia de la escuela especial Los Girasoles\u00a0 y Los Ciruelillos de Castro, escuela especial Amanecer de Chonchi, el Centro Educacional Crecer de Dalcahue, el Centro de educaci\u00f3n especial Sonrisa de \u00c1ngeles de Ancud y los anfitriones la escuela diferencial San Carlos, se desarrollo en el Estadio Joel Fritz de la comuna, las 1\u00b0 Olimpiadas Especiales Provinciales, que cont\u00f3 con el apoyo del 2% del FNDR del Gobierno Regional, el IND, la Municipalidad de Ancud y la Corporaci\u00f3n de Educaci\u00f3n.<\/p>\n<p style=\"text-align: justify\">La directora de la escuela Diferencial San Carlos, Yuly Reyes Valle sostuvo que <em>\u201cel balance fue bastante positivo, las actividades se desarrollaron como estaban programadas<\/em>, <em>tuvimos la convocatoria que estaba considerada<\/em>, <em>los<\/em> <em>chicos de los otros establecimientos y los nuestros se lucieron, mostraron todas sus habilidades, todas sus capacidades y realmente fue una fiesta mas all\u00e1 de la competencia, fue un espacio de esparcimiento, de conocerse, de compartir junto a otras escuelas. En general fue muy provechoso y positivo, las otras escuelas se fueron muy felices y agradecidas por la actividad que se desarrollo, fue una muy bonita experiencia y cabe destacar que todos los ni\u00f1os se llevaron medallas por el solo hecho de participar, esta fue la primera experiencia y contamos con el apoyo del 2% del Gobierno Regional\u201d.<\/em><\/p>\n<p style=\"text-align: justify\">Adem\u00e1s la directora manifest\u00f3 sus agradecimientos a <em>\u201ctoda la comunidad educativa de la escuela San Carlos que a pesar de estar en ese momento en paro los empleados p\u00fablicos se pusieron la camiseta y de manera muy comprometida pusieron mucho coraz\u00f3n para el buen funcionamiento de todas las actividades, agradecer al IND, a la Municipalidad y a la Corporaci\u00f3n por todo el apoyo \u201c, <\/em>termino diciendo.<\/p>\n<p style=\"text-align: justify\">Estas olimpiadas llenaron de color el estadio y le dieron mucha vida a la comuna por lo que esperan se repita en alg\u00fan momento el pr\u00f3ximo a\u00f1o.<\/p>\n<p style=\"text-align: justify\"><strong>\u00a0<\/strong><\/p>\n<p><strong>\u00a0<\/strong><\/p>\n","protected":false},"excerpt":{"rendered":"<p>Con la presencia de la escuela especial Los Girasoles\u00a0 y Los Ciruelillos de Castro, escuela especial Amanecer de Chonchi, el Centro Educacional Crecer de Dalcahue, el Centro de educaci\u00f3n especial Sonrisa de \u00c1ngeles de Ancud y los anfitriones la escuela diferencial San Carlos, se desarrollo en el Estadio Joel Fritz de la comuna, las 1\u00b0 <\/p>\n","protected":false},"author":3,"featured_media":726,"comment_status":"closed","ping_status":"closed","sticky":false,"template":"","format":"standard","meta":{"footnotes":""},"categories":[9,8],"tags":[],"class_list":["post-725","post","type-post","status-publish","format-standard","has-post-thumbnail","hentry","category-educacion","category-sala-de-prensa"],"_links":{"self":[{"href":"http:\/\/www.corporacionancud.cl\/inicio\/wp-json\/wp\/v2\/posts\/725","targetHints":{"allow":["GET"]}}],"collection":[{"href":"http:\/\/www.corporacionancud.cl\/inicio\/wp-json\/wp\/v2\/posts"}],"about":[{"href":"http:\/\/www.corporacionancud.cl\/inicio\/wp-json\/wp\/v2\/types\/post"}],"author":[{"embeddable":true,"href":"http:\/\/www.corporacionancud.cl\/inicio\/wp-json\/wp\/v2\/users\/3"}],"replies":[{"embeddable":true,"href":"http:\/\/www.corporacionancud.cl\/inicio\/wp-json\/wp\/v2\/comments?post=725"}],"version-history":[{"count":1,"href":"http:\/\/www.corporacionancud.cl\/inicio\/wp-json\/wp\/v2\/posts\/725\/revisions"}],"predecessor-version":[{"id":727,"href":"http:\/\/www.corporacionancud.cl\/inicio\/wp-json\/wp\/v2\/posts\/725\/revisions\/727"}],"wp:featuredmedia":[{"embeddable":true,"href":"http:\/\/www.corporacionancud.cl\/inicio\/wp-json\/wp\/v2\/media\/726"}],"wp:attachment":[{"href":"http:\/\/www.corporacionancud.cl\/inicio\/wp-json\/wp\/v2\/media?parent=725"}],"wp:term":[{"taxonomy":"category","embeddable":true,"href":"http:\/\/www.corporacionancud.cl\/inicio\/wp-json\/wp\/v2\/categories?post=725"},{"taxonomy":"post_tag","embeddable":true,"href":"http:\/\/www.corporacionancud.cl\/inicio\/wp-json\/wp\/v2\/tags?post=725"}],"curies":[{"name":"wp","href":"https:\/\/api.w.org\/{rel}","templated":true}]}}